{"id":960,"date":"2018-02-01T22:22:37","date_gmt":"2018-02-01T21:22:37","guid":{"rendered":"http:\/\/moniales-ermites.org\/?p=960"},"modified":"2019-04-27T22:07:21","modified_gmt":"2019-04-27T20:07:21","slug":"quest-ce-que-lhomme-que-tu-penses-a-lui","status":"publish","type":"post","link":"https:\/\/moniales-ermites.org\/index.php\/2018\/02\/01\/quest-ce-que-lhomme-que-tu-penses-a-lui\/","title":{"rendered":"Qu&rsquo;est-ce que l&rsquo;homme que tu penses \u00e0 lui ?"},"content":{"rendered":"<p><span style=\"color: #666699;\"><strong>\u00ab\u00a0Qu\u2019est-ce que l\u2019homme, Seigneur, que tu penses \u00e0 lui,<\/strong><\/span><\/p>\n<p style=\"padding-left: 200px;\"><span style=\"color: #666699;\"><strong>\u00a0le fils d\u2019un homme que tu en prennes souci \u00bb ? Ps. 8<\/strong><\/span><\/p>\n<p>&nbsp;<\/p>\n<p style=\"text-align: justify;\"><span style=\"color: #9e5151;\"><img loading=\"lazy\" decoding=\"async\" class=\"alignleft wp-image-961 \" src=\"http:\/\/moniales-ermites.org\/wp-content\/uploads\/2019\/04\/Quest-ce-que-lhomme-e1556223675875.jpg\" alt=\"\" width=\"327\" height=\"448\" srcset=\"https:\/\/moniales-ermites.org\/wp-content\/uploads\/2019\/04\/Quest-ce-que-lhomme-e1556223675875.jpg 574w, https:\/\/moniales-ermites.org\/wp-content\/uploads\/2019\/04\/Quest-ce-que-lhomme-e1556223675875-219x300.jpg 219w\" sizes=\"auto, (max-width: 327px) 100vw, 327px\" \/>\u00ab Que signifie\u2026 la position particuli\u00e8re du corps humain ? L\u2019homme se tient droit, le visage tendu vers le ciel, le regard \u00e9lev\u00e9. Cette attitude manifeste la dignit\u00e9 souveraine, vraiment royale, de son esprit raisonnable. Elle exprime la souverainet\u00e9 que l\u2019homme a re\u00e7ue de Dieu sur tout ce qui regarde en bas, et l\u2019affinit\u00e9 profonde qu\u2019il poss\u00e8de avec les r\u00e9alit\u00e9s sup\u00e9rieures, pour autant qu\u2019il conserve intacte l\u2019image qu\u2019il tient de la nature, c\u2019est-\u00e0-dire dans la mesure o\u00f9, chez lui, l\u2019esprit commande \u00e0 la raison et ne souffre pas que celle-ci porte son choix sur de vaines r\u00e9alit\u00e9s. Sont priv\u00e9s de cette dignit\u00e9 ceux qui asservissent la raison\u2026 et caressent servilement leurs inclinations sensuelles. Chez eux, l\u2019esprit suit les app\u00e9tits de la chair et des sens. Il devient le domestique de ce dont il devait \u00eatre le juge souverain\u2026 C\u2019est de cette mani\u00e8re que les hommes, d\u00e9pouillant l\u2019image divine, en ont rev\u00eatu une autre : une image tourn\u00e9e vers la terre, animale, bestiale. \u00bb<\/span><\/p>\n<p style=\"text-align: right;\"><span style=\"color: #9e5151;\">Guillaume de Saint Thierry\u00a0:<br \/>\n\u00abDe la nature du corps et de l\u2019\u00e2me\u00a0\u00bb<\/span><\/p>\n<p>&nbsp;<\/p>\n<p>&nbsp;<\/p>\n<p>&nbsp;<\/p>\n<p>&nbsp;<\/p>\n<p>&nbsp;<\/p>\n<p style=\"text-align: center;\"><span style=\"color: #666699;\"><strong>Non, l\u2019homme n\u2019est pas seulement un animal plus perfectionn\u00e9 que les autres\u00a0!<\/strong><\/span><\/p>\n<p style=\"text-align: center;\"><span style=\"color: #666699;\"><strong>Il est, \u00e0 l\u2019image de son Cr\u00e9ateur, une personne<\/strong><\/span><\/p>\n<p style=\"text-align: center;\"><span style=\"color: #666699;\"><strong>capable d\u2019entrer en relation avec d\u2019autres personnes, avec les Personnes divines elles-m\u00eames.<\/strong><\/span><\/p>\n<p style=\"text-align: center;\"><span style=\"color: #666699;\"><strong>C\u2019est sa tr\u00e8s grande et merveilleuse dignit\u00e9.<\/strong><\/span><\/p>\n<p style=\"text-align: center;\"><span style=\"color: #666699;\"><strong>Il n\u2019est pas indiff\u00e9rent qu\u2019il en est une claire conscience\u00a0: cela mod\u00e8lera son comportement quotidien.<\/strong><\/span><\/p>\n","protected":false},"excerpt":{"rendered":"<p>\u00ab\u00a0Qu\u2019est-ce que l\u2019homme, Seigneur, que tu penses \u00e0 lui, \u00a0le fils d\u2019un homme que tu en prennes souci \u00bb ? Ps. 8 &nbsp; \u00ab Que signifie\u2026 la position particuli\u00e8re du corps humain ? L\u2019homme se tient droit, le visage tendu vers le ciel, le regard \u00e9lev\u00e9. Cette attitude manifeste la dignit\u00e9 souveraine, vraiment royale, de [&hellip;]<\/p>\n","protected":false},"author":2,"featured_media":0,"comment_status":"closed","ping_status":"closed","sticky":false,"template":"","format":"standard","meta":{"footnotes":""},"categories":[6],"tags":[],"class_list":["post-960","post","type-post","status-publish","format-standard","hentry","category-memoire"],"_links":{"self":[{"href":"https:\/\/moniales-ermites.org\/index.php\/wp-json\/wp\/v2\/posts\/960","targetHints":{"allow":["GET"]}}],"collection":[{"href":"https:\/\/moniales-ermites.org\/index.php\/wp-json\/wp\/v2\/posts"}],"about":[{"href":"https:\/\/moniales-ermites.org\/index.php\/wp-json\/wp\/v2\/types\/post"}],"author":[{"embeddable":true,"href":"https:\/\/moniales-ermites.org\/index.php\/wp-json\/wp\/v2\/users\/2"}],"replies":[{"embeddable":true,"href":"https:\/\/moniales-ermites.org\/index.php\/wp-json\/wp\/v2\/comments?post=960"}],"version-history":[{"count":4,"href":"https:\/\/moniales-ermites.org\/index.php\/wp-json\/wp\/v2\/posts\/960\/revisions"}],"predecessor-version":[{"id":976,"href":"https:\/\/moniales-ermites.org\/index.php\/wp-json\/wp\/v2\/posts\/960\/revisions\/976"}],"wp:attachment":[{"href":"https:\/\/moniales-ermites.org\/index.php\/wp-json\/wp\/v2\/media?parent=960"}],"wp:term":[{"taxonomy":"category","embeddable":true,"href":"https:\/\/moniales-ermites.org\/index.php\/wp-json\/wp\/v2\/categories?post=960"},{"taxonomy":"post_tag","embeddable":true,"href":"https:\/\/moniales-ermites.org\/index.php\/wp-json\/wp\/v2\/tags?post=960"}],"curies":[{"name":"wp","href":"https:\/\/api.w.org\/{rel}","templated":true}]}}