{"id":953,"date":"2018-03-01T22:06:48","date_gmt":"2018-03-01T21:06:48","guid":{"rendered":"http:\/\/moniales-ermites.org\/?p=953"},"modified":"2019-04-27T22:13:30","modified_gmt":"2019-04-27T20:13:30","slug":"ils-mont-abandonne","status":"publish","type":"post","link":"https:\/\/moniales-ermites.org\/index.php\/2018\/03\/01\/ils-mont-abandonne\/","title":{"rendered":"Ils m&rsquo;ont abandonn\u00e9"},"content":{"rendered":"<h3><span style=\"color: #1b421b;\"><strong>\u00ab\u00a0Ils m\u2019ont abandonn\u00e9, Moi, la Source d\u2019eau vive,<\/strong><\/span><\/h3>\n<h3 style=\"padding-left: 160px;\"><span style=\"color: #1b421b;\"><strong>pour se creuser des citernes,<\/strong><\/span><\/h3>\n<h3 style=\"padding-left: 200px; text-align: center;\"><span style=\"color: #1b421b;\"><strong>\u00a0\u00a0\u00a0\u00a0\u00a0\u00a0\u00a0\u00a0\u00a0\u00a0\u00a0\u00a0\u00a0 citernes l\u00e9zard\u00e9es qui ne tiennent pas l\u2019eau. \u00bb <\/strong><strong>(Jer. 2, 13)<\/strong><\/span><\/h3>\n<p>&nbsp;<\/p>\n<p style=\"text-align: center;\"><strong><img loading=\"lazy\" decoding=\"async\" class=\"aligncenter wp-image-954 \" src=\"http:\/\/moniales-ermites.org\/wp-content\/uploads\/2019\/04\/Ils-mont-abandonn\u00e9-e1556222638869.jpg\" alt=\"\" width=\"669\" height=\"398\" srcset=\"https:\/\/moniales-ermites.org\/wp-content\/uploads\/2019\/04\/Ils-mont-abandonn\u00e9-e1556222638869.jpg 1055w, https:\/\/moniales-ermites.org\/wp-content\/uploads\/2019\/04\/Ils-mont-abandonn\u00e9-e1556222638869-600x357.jpg 600w, https:\/\/moniales-ermites.org\/wp-content\/uploads\/2019\/04\/Ils-mont-abandonn\u00e9-e1556222638869-300x179.jpg 300w, https:\/\/moniales-ermites.org\/wp-content\/uploads\/2019\/04\/Ils-mont-abandonn\u00e9-e1556222638869-1024x610.jpg 1024w, https:\/\/moniales-ermites.org\/wp-content\/uploads\/2019\/04\/Ils-mont-abandonn\u00e9-e1556222638869-768x457.jpg 768w\" sizes=\"auto, (max-width: 669px) 100vw, 669px\" \/><\/strong><\/p>\n<p>&nbsp;<\/p>\n<p style=\"text-align: center;\"><span style=\"color: #808000;\"><strong>\u00ab\u00a0Exclusion de Dieu, rupture avec Dieu, d\u00e9sob\u00e9issance \u00e0 Dieu\u00a0:<\/strong><\/span><\/p>\n<p style=\"text-align: center;\"><span style=\"color: #808000;\"><strong>c\u2019est ce qu\u2019a \u00e9t\u00e9 et ce qu\u2019est le p\u00e9ch\u00e9 tout au long de l\u2019histoire humaine, sous des formes diverses<\/strong><\/span><\/p>\n<p style=\"text-align: center;\"><span style=\"color: #808000;\"><strong>qui peuvent aller jusqu\u2019\u00e0 la n\u00e9gation de Dieu et de son existence\u2026<\/strong><\/span><\/p>\n<p style=\"text-align: center;\"><span style=\"color: #808000;\"><strong>En tant que rupture avec Dieu, le p\u00e9ch\u00e9 est l\u2019acte de d\u00e9sob\u00e9issance d\u2019une cr\u00e9ature qui rejette,<\/strong><\/span><\/p>\n<p style=\"text-align: center;\"><span style=\"color: #808000;\"><strong>au moins implicitement, celui qui est \u00e0 son origine et qui la maintient en vie\u00a0;<\/strong><\/span><\/p>\n<p style=\"text-align: center;\"><span style=\"color: #808000;\"><strong>c\u2019est donc un acte suicidaire.<\/strong><\/span><\/p>\n<p style=\"text-align: center;\"><span style=\"color: #808000;\"><strong>Du fait que par le p\u00e9ch\u00e9 l\u2018homme refuse de se soumettre \u00e0 Dieu, son \u00e9quilibre int\u00e9rieur est d\u00e9truit<\/strong><\/span><\/p>\n<p style=\"text-align: center;\"><span style=\"color: #808000;\"><strong>et c\u2019est au fond m\u00eame de son \u00eatre qu\u2019\u00e9clatent les contradictions et les conflits.<\/strong><\/span><\/p>\n<p style=\"text-align: center;\"><span style=\"color: #808000;\"><strong>Ainsi d\u00e9chir\u00e9, l\u2019homme provoque de mani\u00e8re presque in\u00e9vitable un d\u00e9chirement <\/strong><\/span><\/p>\n<p style=\"text-align: center;\"><span style=\"color: #808000;\"><strong>dans la trame de ses rapports avec les autres hommes et le monde cr\u00e9\u00e9.\u00a0\u00bb<\/strong><\/span><\/p>\n<p style=\"text-align: right;\"><strong><span style=\"color: #808000;\">Saint Jean-Paul II\u00a0\u00a0\u00a0\u00a0<\/span> <\/strong><\/p>\n<p>&nbsp;<\/p>\n<p>&nbsp;<\/p>\n<p>&nbsp;<\/p>\n","protected":false},"excerpt":{"rendered":"<p>\u00ab\u00a0Ils m\u2019ont abandonn\u00e9, Moi, la Source d\u2019eau vive, pour se creuser des citernes, \u00a0\u00a0\u00a0\u00a0\u00a0\u00a0\u00a0\u00a0\u00a0\u00a0\u00a0\u00a0\u00a0 citernes l\u00e9zard\u00e9es qui ne tiennent pas l\u2019eau. \u00bb (Jer. 2, 13) &nbsp; &nbsp; \u00ab\u00a0Exclusion de Dieu, rupture avec Dieu, d\u00e9sob\u00e9issance \u00e0 Dieu\u00a0: c\u2019est ce qu\u2019a \u00e9t\u00e9 et ce qu\u2019est le p\u00e9ch\u00e9 tout au long de l\u2019histoire humaine, sous des formes diverses [&hellip;]<\/p>\n","protected":false},"author":2,"featured_media":0,"comment_status":"closed","ping_status":"closed","sticky":false,"template":"","format":"standard","meta":{"footnotes":""},"categories":[6],"tags":[],"class_list":["post-953","post","type-post","status-publish","format-standard","hentry","category-memoire"],"_links":{"self":[{"href":"https:\/\/moniales-ermites.org\/index.php\/wp-json\/wp\/v2\/posts\/953","targetHints":{"allow":["GET"]}}],"collection":[{"href":"https:\/\/moniales-ermites.org\/index.php\/wp-json\/wp\/v2\/posts"}],"about":[{"href":"https:\/\/moniales-ermites.org\/index.php\/wp-json\/wp\/v2\/types\/post"}],"author":[{"embeddable":true,"href":"https:\/\/moniales-ermites.org\/index.php\/wp-json\/wp\/v2\/users\/2"}],"replies":[{"embeddable":true,"href":"https:\/\/moniales-ermites.org\/index.php\/wp-json\/wp\/v2\/comments?post=953"}],"version-history":[{"count":3,"href":"https:\/\/moniales-ermites.org\/index.php\/wp-json\/wp\/v2\/posts\/953\/revisions"}],"predecessor-version":[{"id":981,"href":"https:\/\/moniales-ermites.org\/index.php\/wp-json\/wp\/v2\/posts\/953\/revisions\/981"}],"wp:attachment":[{"href":"https:\/\/moniales-ermites.org\/index.php\/wp-json\/wp\/v2\/media?parent=953"}],"wp:term":[{"taxonomy":"category","embeddable":true,"href":"https:\/\/moniales-ermites.org\/index.php\/wp-json\/wp\/v2\/categories?post=953"},{"taxonomy":"post_tag","embeddable":true,"href":"https:\/\/moniales-ermites.org\/index.php\/wp-json\/wp\/v2\/tags?post=953"}],"curies":[{"name":"wp","href":"https:\/\/api.w.org\/{rel}","templated":true}]}}