{"id":3476,"date":"2026-05-02T10:41:59","date_gmt":"2026-05-02T08:41:59","guid":{"rendered":"https:\/\/moniales-ermites.org\/?p=3476"},"modified":"2026-05-02T10:43:15","modified_gmt":"2026-05-02T08:43:15","slug":"mai-2026","status":"publish","type":"post","link":"https:\/\/moniales-ermites.org\/index.php\/2026\/05\/02\/mai-2026\/","title":{"rendered":"Mai 2026 : Marcher avec Marie"},"content":{"rendered":"<p>Quelquefois, nous avons des doutes\u00a0: il nous arrive si souvent de n\u2019avoir pas \u00e9t\u00e9 fid\u00e8les \u00e0 la gr\u00e2ce, si<br \/>\nbien que nous ne sommes plus dignes d\u2019avoir l\u2019aide de Dieu. Mais voil\u00e0 pourquoi Dieu nous a donn\u00e9<br \/>\nla c\u00e9leste M\u00e8re \u00e0 qui il a confi\u00e9 tout l\u2019ordre de la mis\u00e9ricorde, comme s\u2019il voulait nous prot\u00e9ger<br \/>\ndevant sa justice. Nous avons donc une route sur laquelle il nous faut marcher, et nous pouvons<br \/>\ntoujours obtenir la gr\u00e2ce de Dieu. Il ne faut jamais dire que maintenant ce n\u2019est plus possible d\u2019avoir<br \/>\nla gr\u00e2ce de Dieu du fait que notre conscience est dans le p\u00e9ch\u00e9 et qu\u2019il n\u2019y a plus moyen de se<br \/>\nrelever. Il suffit seulement de s\u2019approcher de l\u2019Immacul\u00e9e. Que celui qui tombe se tourne vers elle<br \/>\navec confiance. Saint Paul dit bien\u00a0: \u00ab\u00a0Je peux tout en celui qui me fortifie\u00a0\u00bb et nous aussi nous<br \/>\npouvons dire\u00a0: \u00ab\u00a0Je peux tout en celle qui me soutient.\u00a0\u00bb<\/p>\n<p>Saint Maximilien Kolbe, 2-8-1938, Conf<\/p>\n<p><img loading=\"lazy\" decoding=\"async\" class=\"wp-image-3477 alignright\" src=\"https:\/\/moniales-ermites.org\/wp-content\/uploads\/2026\/05\/VM-Mer-et-Mme-Barreau-1.jpg\" alt=\"\" width=\"573\" height=\"430\" srcset=\"https:\/\/moniales-ermites.org\/wp-content\/uploads\/2026\/05\/VM-Mer-et-Mme-Barreau-1.jpg 800w, https:\/\/moniales-ermites.org\/wp-content\/uploads\/2026\/05\/VM-Mer-et-Mme-Barreau-1-300x225.jpg 300w, https:\/\/moniales-ermites.org\/wp-content\/uploads\/2026\/05\/VM-Mer-et-Mme-Barreau-1-768x576.jpg 768w, https:\/\/moniales-ermites.org\/wp-content\/uploads\/2026\/05\/VM-Mer-et-Mme-Barreau-1-600x450.jpg 600w\" sizes=\"auto, (max-width: 573px) 100vw, 573px\" \/><\/p>\n","protected":false},"excerpt":{"rendered":"<p>Quelquefois, nous avons des doutes\u00a0: il nous arrive si souvent de n\u2019avoir pas \u00e9t\u00e9 fid\u00e8les \u00e0 la gr\u00e2ce, si bien que nous ne sommes plus dignes d\u2019avoir l\u2019aide de Dieu. Mais voil\u00e0 pourquoi Dieu nous a donn\u00e9 la c\u00e9leste M\u00e8re \u00e0 qui il a confi\u00e9 tout l\u2019ordre de la mis\u00e9ricorde, comme s\u2019il voulait nous prot\u00e9ger [&hellip;]<\/p>\n","protected":false},"author":2,"featured_media":0,"comment_status":"closed","ping_status":"closed","sticky":false,"template":"","format":"standard","meta":{"footnotes":""},"categories":[4],"tags":[],"class_list":["post-3476","post","type-post","status-publish","format-standard","hentry","category-pensee"],"_links":{"self":[{"href":"https:\/\/moniales-ermites.org\/index.php\/wp-json\/wp\/v2\/posts\/3476","targetHints":{"allow":["GET"]}}],"collection":[{"href":"https:\/\/moniales-ermites.org\/index.php\/wp-json\/wp\/v2\/posts"}],"about":[{"href":"https:\/\/moniales-ermites.org\/index.php\/wp-json\/wp\/v2\/types\/post"}],"author":[{"embeddable":true,"href":"https:\/\/moniales-ermites.org\/index.php\/wp-json\/wp\/v2\/users\/2"}],"replies":[{"embeddable":true,"href":"https:\/\/moniales-ermites.org\/index.php\/wp-json\/wp\/v2\/comments?post=3476"}],"version-history":[{"count":4,"href":"https:\/\/moniales-ermites.org\/index.php\/wp-json\/wp\/v2\/posts\/3476\/revisions"}],"predecessor-version":[{"id":3481,"href":"https:\/\/moniales-ermites.org\/index.php\/wp-json\/wp\/v2\/posts\/3476\/revisions\/3481"}],"wp:attachment":[{"href":"https:\/\/moniales-ermites.org\/index.php\/wp-json\/wp\/v2\/media?parent=3476"}],"wp:term":[{"taxonomy":"category","embeddable":true,"href":"https:\/\/moniales-ermites.org\/index.php\/wp-json\/wp\/v2\/categories?post=3476"},{"taxonomy":"post_tag","embeddable":true,"href":"https:\/\/moniales-ermites.org\/index.php\/wp-json\/wp\/v2\/tags?post=3476"}],"curies":[{"name":"wp","href":"https:\/\/api.w.org\/{rel}","templated":true}]}}