{"id":3126,"date":"2025-05-29T10:11:13","date_gmt":"2025-05-29T08:11:13","guid":{"rendered":"https:\/\/moniales-ermites.org\/?p=3126"},"modified":"2025-05-29T10:15:52","modified_gmt":"2025-05-29T08:15:52","slug":"juin-2025","status":"publish","type":"post","link":"https:\/\/moniales-ermites.org\/index.php\/2025\/05\/29\/juin-2025\/","title":{"rendered":"Juin 2025 : Grandir en humanit\u00e9"},"content":{"rendered":"<div class=\"wpb-content-wrapper\"><p>[vc_row][vc_column][vc_column_text css=\u00a0\u00bb\u00a0\u00bb]<\/p>\n<p style=\"text-align: center;\">Avant d&rsquo;\u00eatre une question religieuse, la compassion est une question d&rsquo;humanit\u00e9 !<\/p>\n<p style=\"text-align: center;\">\u00a0\u00a0\u00a0\u00a0\u00a0\u00a0\u00a0 Avant d&rsquo;\u00eatre croyants, nous sommes appel\u00e9s \u00e0 \u00eatre humains (\u2026)<\/p>\n<p><img loading=\"lazy\" decoding=\"async\" class=\"wp-image-3129 alignright\" src=\"https:\/\/moniales-ermites.org\/wp-content\/uploads\/2025\/05\/Sacrement-des-malades.-Source.jpg\" alt=\"\" width=\"633\" height=\"478\" srcset=\"https:\/\/moniales-ermites.org\/wp-content\/uploads\/2025\/05\/Sacrement-des-malades.-Source.jpg 1256w, https:\/\/moniales-ermites.org\/wp-content\/uploads\/2025\/05\/Sacrement-des-malades.-Source-300x226.jpg 300w, https:\/\/moniales-ermites.org\/wp-content\/uploads\/2025\/05\/Sacrement-des-malades.-Source-1024x773.jpg 1024w, https:\/\/moniales-ermites.org\/wp-content\/uploads\/2025\/05\/Sacrement-des-malades.-Source-768x580.jpg 768w, https:\/\/moniales-ermites.org\/wp-content\/uploads\/2025\/05\/Sacrement-des-malades.-Source-600x453.jpg 600w\" sizes=\"auto, (max-width: 633px) 100vw, 633px\" \/><\/p>\n<p style=\"text-align: left;\">Prions donc afin de pouvoir grandir en humanit\u00e9, de telle sorte que nos relations soient plus vraies et plus riches de compassion.\u00a0 Demandons au C\u0153ur du Christ la gr\u00e2ce de partager toujours plus ses propres sentiments.<\/p>\n<p>Pape L\u00e9on XIV, Cat\u00e9ch\u00e8se du mercredi 28 mai 2025<\/p>\n<p>[\/vc_column_text][vc_column_text css=\u00a0\u00bb\u00a0\u00bb][\/vc_column_text][\/vc_column][\/vc_row]<\/p>\n<\/div>","protected":false},"excerpt":{"rendered":"<p>[vc_row][vc_column][vc_column_text css=\u00a0\u00bb\u00a0\u00bb] Avant d&rsquo;\u00eatre une question religieuse, la compassion est une question d&rsquo;humanit\u00e9 ! \u00a0\u00a0\u00a0\u00a0\u00a0\u00a0\u00a0 Avant d&rsquo;\u00eatre croyants, nous sommes appel\u00e9s \u00e0 \u00eatre humains (\u2026) Prions donc afin de pouvoir grandir en humanit\u00e9, de telle sorte que nos relations soient plus vraies et plus riches de compassion.\u00a0 Demandons au C\u0153ur du Christ la gr\u00e2ce de [&hellip;]<\/p>\n","protected":false},"author":2,"featured_media":0,"comment_status":"closed","ping_status":"closed","sticky":false,"template":"","format":"standard","meta":{"footnotes":""},"categories":[4],"tags":[],"class_list":["post-3126","post","type-post","status-publish","format-standard","hentry","category-pensee"],"_links":{"self":[{"href":"https:\/\/moniales-ermites.org\/index.php\/wp-json\/wp\/v2\/posts\/3126","targetHints":{"allow":["GET"]}}],"collection":[{"href":"https:\/\/moniales-ermites.org\/index.php\/wp-json\/wp\/v2\/posts"}],"about":[{"href":"https:\/\/moniales-ermites.org\/index.php\/wp-json\/wp\/v2\/types\/post"}],"author":[{"embeddable":true,"href":"https:\/\/moniales-ermites.org\/index.php\/wp-json\/wp\/v2\/users\/2"}],"replies":[{"embeddable":true,"href":"https:\/\/moniales-ermites.org\/index.php\/wp-json\/wp\/v2\/comments?post=3126"}],"version-history":[{"count":7,"href":"https:\/\/moniales-ermites.org\/index.php\/wp-json\/wp\/v2\/posts\/3126\/revisions"}],"predecessor-version":[{"id":3136,"href":"https:\/\/moniales-ermites.org\/index.php\/wp-json\/wp\/v2\/posts\/3126\/revisions\/3136"}],"wp:attachment":[{"href":"https:\/\/moniales-ermites.org\/index.php\/wp-json\/wp\/v2\/media?parent=3126"}],"wp:term":[{"taxonomy":"category","embeddable":true,"href":"https:\/\/moniales-ermites.org\/index.php\/wp-json\/wp\/v2\/categories?post=3126"},{"taxonomy":"post_tag","embeddable":true,"href":"https:\/\/moniales-ermites.org\/index.php\/wp-json\/wp\/v2\/tags?post=3126"}],"curies":[{"name":"wp","href":"https:\/\/api.w.org\/{rel}","templated":true}]}}