{"id":1965,"date":"2021-12-31T11:05:38","date_gmt":"2021-12-31T10:05:38","guid":{"rendered":"http:\/\/moniales-ermites.org\/?p=1965"},"modified":"2021-12-31T11:05:38","modified_gmt":"2021-12-31T10:05:38","slug":"janvier-2022-respecter-la-personne-cest-promouvoir-la-paix","status":"publish","type":"post","link":"https:\/\/moniales-ermites.org\/index.php\/2021\/12\/31\/janvier-2022-respecter-la-personne-cest-promouvoir-la-paix\/","title":{"rendered":"Janvier 2022 &#8211; Respecter la personne c&rsquo;est promouvoir la paix."},"content":{"rendered":"<div class=\"wpb-content-wrapper\"><p>[vc_row][vc_column width=\u00a0\u00bb2\/3&Prime;][vc_column_text]Je suis profond\u00e9ment convaincu qu'\u00a0\u00bben respectant la personne on promeut la paix et qu&rsquo;en b\u00e2tissant la paix on jette les bases d&rsquo;un authentique humanisme int\u00e9gral\u00a0\u00bb (La personne humaine, c\u0153ur de la paix. Beno\u00eet XVI, n. 1). Il s&rsquo;agit l\u00e0 d&rsquo;un devoir qui revient de mani\u00e8re particuli\u00e8re au chr\u00e9tien, appel\u00e9 \u00ab\u00a0\u00e0 \u00eatre un infatigable ouvrier de paix et un vaillant d\u00e9fenseur de la dignit\u00e9 de la personne humaine et de ses droits inali\u00e9nables\u00a0\u00bb (La personne humaine, c\u0153ur de la paix. Beno\u00eet XVI, n. 16). C&rsquo;est pr\u00e9cis\u00e9ment parce qu&rsquo;il est cr\u00e9\u00e9 \u00e0 l&rsquo;image et \u00e0 la ressemblance de Dieu (cf. <i>Gn<\/i>\u00a01, 27), que tout individu humain, sans distinction de race, de culture et de religion,\u00a0<i>est investi de la m\u00eame dignit\u00e9 de personne<\/i>. C&rsquo;est pour cela qu&rsquo;il doit \u00eatre respect\u00e9, et aucune raison ne peut en aucun cas justifier que l&rsquo;on dispose de lui selon son bon plaisir, comme s&rsquo;il \u00e9tait un objet.<\/p>\n<p>Hom\u00e9lie du Pape Beno\u00eet XVI, Lundi 1er janvier 2007.<\/p>\n<p>[\/vc_column_text][\/vc_column][vc_column width=\u00a0\u00bb1\/3&Prime;][vc_single_image image=\u00a0\u00bb1966&Prime; img_size=\u00a0\u00bbfull\u00a0\u00bb alignment=\u00a0\u00bbright\u00a0\u00bb][\/vc_column][\/vc_row]<\/p>\n<\/div>","protected":false},"excerpt":{"rendered":"<p>[vc_row][vc_column width=\u00a0\u00bb2\/3&Prime;][vc_column_text]Je suis profond\u00e9ment convaincu qu&rsquo;\u00a0\u00bben respectant la personne on promeut la paix et qu&rsquo;en b\u00e2tissant la paix on jette les bases d&rsquo;un authentique humanisme int\u00e9gral\u00a0\u00bb (La personne humaine, c\u0153ur de la paix. Beno\u00eet XVI, n. 1). Il s&rsquo;agit l\u00e0 d&rsquo;un devoir qui revient de mani\u00e8re particuli\u00e8re au chr\u00e9tien, appel\u00e9 \u00ab\u00a0\u00e0 \u00eatre un infatigable ouvrier [&hellip;]<\/p>\n","protected":false},"author":2,"featured_media":0,"comment_status":"closed","ping_status":"closed","sticky":false,"template":"","format":"standard","meta":{"footnotes":""},"categories":[4],"tags":[],"class_list":["post-1965","post","type-post","status-publish","format-standard","hentry","category-pensee"],"_links":{"self":[{"href":"https:\/\/moniales-ermites.org\/index.php\/wp-json\/wp\/v2\/posts\/1965","targetHints":{"allow":["GET"]}}],"collection":[{"href":"https:\/\/moniales-ermites.org\/index.php\/wp-json\/wp\/v2\/posts"}],"about":[{"href":"https:\/\/moniales-ermites.org\/index.php\/wp-json\/wp\/v2\/types\/post"}],"author":[{"embeddable":true,"href":"https:\/\/moniales-ermites.org\/index.php\/wp-json\/wp\/v2\/users\/2"}],"replies":[{"embeddable":true,"href":"https:\/\/moniales-ermites.org\/index.php\/wp-json\/wp\/v2\/comments?post=1965"}],"version-history":[{"count":2,"href":"https:\/\/moniales-ermites.org\/index.php\/wp-json\/wp\/v2\/posts\/1965\/revisions"}],"predecessor-version":[{"id":1968,"href":"https:\/\/moniales-ermites.org\/index.php\/wp-json\/wp\/v2\/posts\/1965\/revisions\/1968"}],"wp:attachment":[{"href":"https:\/\/moniales-ermites.org\/index.php\/wp-json\/wp\/v2\/media?parent=1965"}],"wp:term":[{"taxonomy":"category","embeddable":true,"href":"https:\/\/moniales-ermites.org\/index.php\/wp-json\/wp\/v2\/categories?post=1965"},{"taxonomy":"post_tag","embeddable":true,"href":"https:\/\/moniales-ermites.org\/index.php\/wp-json\/wp\/v2\/tags?post=1965"}],"curies":[{"name":"wp","href":"https:\/\/api.w.org\/{rel}","templated":true}]}}