{"id":1960,"date":"2021-03-21T14:49:56","date_gmt":"2021-03-21T13:49:56","guid":{"rendered":"http:\/\/moniales-ermites.org\/?p=1960"},"modified":"2021-12-21T15:00:23","modified_gmt":"2021-12-21T14:00:23","slug":"la-volonte-4","status":"publish","type":"post","link":"https:\/\/moniales-ermites.org\/index.php\/2021\/03\/21\/la-volonte-4\/","title":{"rendered":"La volont\u00e9 (4)"},"content":{"rendered":"<p class=\"Standard\" style=\"text-align: justify;\">Il arrive que, voulant faire une action, ayant bien examin\u00e9 de quoi il s&rsquo;agissait et vu que cela nous \u00e9tait possible (voir les rubriques pr\u00e9c\u00e9dentes), il nous reste un certain <b>malaise, <\/b>quelque chose nous emp\u00eache de franchir le pas et de d\u00e9cider vraiment. Il est tr\u00e8s important alors de ne pas forcer la d\u00e9cision et de prendre le temps de voir ce qui nous bloque.<\/p>\n<p class=\"Standard\" style=\"text-align: justify;\">Ce malaise signifie en effet qu&rsquo;<b>une partie de moi n&rsquo;est pas en accord<\/b> avec la d\u00e9cision \u00e0 prendre. Je ne suis pas <b>unifi\u00e9<\/b>. Comment alors mobiliser ma volont\u00e9, mon \u00e9nergie propre, si une partie de moi ne veut pas cette action\u00a0? Ce serait lutter contre moi-m\u00eame et perdre cette \u00e9nergie qui va me permettre d&rsquo;aller jusqu&rsquo;au bout de ce que j&rsquo;entreprends.<\/p>\n<p class=\"Standard\" style=\"text-align: justify;\"><img loading=\"lazy\" decoding=\"async\" class=\" wp-image-1961 aligncenter\" src=\"http:\/\/moniales-ermites.org\/wp-content\/uploads\/2021\/12\/terrasse-cafe-16-150x150.jpg\" alt=\"\" width=\"224\" height=\"224\" srcset=\"https:\/\/moniales-ermites.org\/wp-content\/uploads\/2021\/12\/terrasse-cafe-16-150x150.jpg 150w, https:\/\/moniales-ermites.org\/wp-content\/uploads\/2021\/12\/terrasse-cafe-16-100x100.jpg 100w\" sizes=\"auto, (max-width: 224px) 100vw, 224px\" \/><\/p>\n<p class=\"Standard\" style=\"text-align: justify;\">Reprenons l&rsquo;exemple d&rsquo;une invitation \u00e0 aller faire un tour en ville. J&rsquo;ai demand\u00e9 \u00e0 mon ami ce qu&rsquo;il voulait vraiment, il m&rsquo;a expliqu\u00e9 qu&rsquo;il veut prendre un caf\u00e9 dans un bar. Rien ne m&#8217;emp\u00eache d&rsquo;y aller, j&rsquo;ai le temps, l&rsquo;argent n\u00e9cessaire, c&rsquo;est donc possible. Je pourrais lui dire oui, mais voil\u00e0 que quelque chose me perturbe, je ne parviens pas \u00e0 lui dire un oui franc. Si je me force, je vais y aller \u00ab\u00a0d&rsquo;un pied\u00a0\u00bb, en r\u00e2lant, au moindre accroc j&rsquo;en voudrais \u00e0 mon ami de m&rsquo;avoir entra\u00een\u00e9 l\u00e0&#8230; et pourtant j&rsquo;ai accept\u00e9 et j&rsquo;\u00e9tais libre, je suis donc responsable.<\/p>\n<p class=\"Standard\" style=\"text-align: justify;\">Je dois donc<b> examiner ce qui bloque.<\/b> \u00c7a peut \u00eatre qu&rsquo;en fait j&rsquo;ai envie de rester tranquille \u00e0 ce moment-l\u00e0. Je dois entendre ce besoin de tranquillit\u00e9\u00a0: s&rsquo;il est imp\u00e9rieux je vais rester chez moi\u00a0; si je m&rsquo;aper\u00e7ois que je peux le prendre \u00e0 un autre moment, je vais peut-\u00eatre accompagner mon ami. Ou je vais m&rsquo;apercevoir que malgr\u00e9 mon besoin de tranquillit\u00e9, je veux faire plaisir \u00e0 mon ami \u00e0 ce moment-l\u00e0, et je vais pouvoir d\u00e9cider vraiment d&rsquo;aller au caf\u00e9 avec lui.<\/p>\n<p class=\"Standard\" style=\"text-align: justify;\">Le but de cet examen est de prendre une vraie d\u00e9cision, et d&rsquo;en \u00eatre <b>responsable<\/b>. C&rsquo;est faire grandir notre <b>libert\u00e9.<\/b><\/p>\n<p class=\"Standard\" style=\"text-align: justify;\">Ces temps-ci, avec l&rsquo;\u00e9pid\u00e9mie de coronavirus, des personnes qui ne veulent pas se faire vacciner se sentent oblig\u00e9es de le faire, et r\u00e9p\u00e8tent \u00e0 qui mieux mieux \u00ab\u00a0je n&rsquo;ai pas le choix\u00a0\u00bb. <b>Nous avons toujours le choix. <\/b>Il est important d&rsquo;en discerner les \u00e9l\u00e9ments.<\/p>\n<p class=\"Standard\" style=\"text-align: justify;\">Pour les professionnels de sant\u00e9, ils ne peuvent pas poursuivre leur travail s&rsquo;ils ne sont pas vaccin\u00e9s\u00a0: leur choix portera sur leur mode de vie. Ils se font vacciner et continuent \u00e0 travailler, ils ne se font pas vacciner et changent de travail, avec toutes les implications que cela entra\u00eene.<\/p>\n<p class=\"Standard\" style=\"text-align: justify;\">Il n&rsquo;est pas rare que dans notre vie, nous soyons confront\u00e9s un jour ou l&rsquo;autre \u00e0 des choix radicaux de ce type. Pensons aux gardiens des camps de concentration nazis, ou aux conducteurs des trains de la mort, dont certains disaient aussi\u00a0: \u00ab\u00a0je n&rsquo;ai pas le choix\u00a0\u00bb. Pensons aussi aux premiers r\u00e9sistants, Edmond Michelet par exemple, qui ont choisi et en ont assum\u00e9 les cons\u00e9quences.<\/p>\n<p class=\"Standard\" style=\"text-align: justify;\">C&rsquo;est notre<b> conscience <\/b>qui est ici en jeu, c&rsquo;est \u00e0 ce niveau-l\u00e0 que nous devons nous unifier et prendre nos d\u00e9cisions.<\/p>\n<p class=\"Standard\" style=\"text-align: justify;\">Bien s\u00fbr, aller au caf\u00e9 n&rsquo;a pas de commune mesure avec se faire vacciner. Mais en exer\u00e7ant notre conscience dans des petits choix, des petits actes de volont\u00e9, nous l&rsquo;entra\u00eenons pour les grands choix et les grandes d\u00e9cisions.<\/p>\n","protected":false},"excerpt":{"rendered":"<p>Il arrive que, voulant faire une action, ayant bien examin\u00e9 de quoi il s&rsquo;agissait et vu que cela nous \u00e9tait possible (voir les rubriques pr\u00e9c\u00e9dentes), il nous reste un certain malaise, quelque chose nous emp\u00eache de franchir le pas et de d\u00e9cider vraiment. Il est tr\u00e8s important alors de ne pas forcer la d\u00e9cision et [&hellip;]<\/p>\n","protected":false},"author":2,"featured_media":0,"comment_status":"closed","ping_status":"closed","sticky":false,"template":"","format":"standard","meta":{"footnotes":""},"categories":[7],"tags":[],"class_list":["post-1960","post","type-post","status-publish","format-standard","hentry","category-reperes"],"_links":{"self":[{"href":"https:\/\/moniales-ermites.org\/index.php\/wp-json\/wp\/v2\/posts\/1960","targetHints":{"allow":["GET"]}}],"collection":[{"href":"https:\/\/moniales-ermites.org\/index.php\/wp-json\/wp\/v2\/posts"}],"about":[{"href":"https:\/\/moniales-ermites.org\/index.php\/wp-json\/wp\/v2\/types\/post"}],"author":[{"embeddable":true,"href":"https:\/\/moniales-ermites.org\/index.php\/wp-json\/wp\/v2\/users\/2"}],"replies":[{"embeddable":true,"href":"https:\/\/moniales-ermites.org\/index.php\/wp-json\/wp\/v2\/comments?post=1960"}],"version-history":[{"count":1,"href":"https:\/\/moniales-ermites.org\/index.php\/wp-json\/wp\/v2\/posts\/1960\/revisions"}],"predecessor-version":[{"id":1962,"href":"https:\/\/moniales-ermites.org\/index.php\/wp-json\/wp\/v2\/posts\/1960\/revisions\/1962"}],"wp:attachment":[{"href":"https:\/\/moniales-ermites.org\/index.php\/wp-json\/wp\/v2\/media?parent=1960"}],"wp:term":[{"taxonomy":"category","embeddable":true,"href":"https:\/\/moniales-ermites.org\/index.php\/wp-json\/wp\/v2\/categories?post=1960"},{"taxonomy":"post_tag","embeddable":true,"href":"https:\/\/moniales-ermites.org\/index.php\/wp-json\/wp\/v2\/tags?post=1960"}],"curies":[{"name":"wp","href":"https:\/\/api.w.org\/{rel}","templated":true}]}}