{"id":1957,"date":"2022-02-21T14:45:35","date_gmt":"2022-02-21T13:45:35","guid":{"rendered":"http:\/\/moniales-ermites.org\/?p=1957"},"modified":"2021-12-21T14:49:13","modified_gmt":"2021-12-21T13:49:13","slug":"la-volonte-3","status":"publish","type":"post","link":"https:\/\/moniales-ermites.org\/index.php\/2022\/02\/21\/la-volonte-3\/","title":{"rendered":"La volont\u00e9 (3)"},"content":{"rendered":"<p class=\"Standard\" style=\"text-align: justify;\">Apr\u00e8s avoir bien clarifi\u00e9 ce que je me propose de faire, je vais devoir<b> \u00eatre r\u00e9aliste<\/b>\u00a0: <b>est-ce que je peux le faire\u00a0?<\/b><\/p>\n<p class=\"Standard\" style=\"text-align: justify;\"><b>\u00a0<\/b>Exemple\u00a0: un coll\u00e8gue m&rsquo;a demand\u00e9 un service, j&rsquo;ai bien compris de quoi il s&rsquo;agit et cette t\u00e2che va me prendre 2 h. Si je suis d\u00e9j\u00e0 en retard dans mon propre travail, je ne peux pas lui rendre ce service sans mettre en p\u00e9ril mes propres responsabilit\u00e9s. Paisiblement je pourrai lui dire que je ne peux pas l&rsquo;aider aujourd&rsquo;hui.<\/p>\n<p class=\"Standard\" style=\"text-align: justify;\">Cette question est tr\u00e8s importante car beaucoup de personnes ne sont pas au clair avec elles-m\u00eames. Elles veulent faire plaisir, qu&rsquo;on les admire ou qu&rsquo;on les aime, et en cons\u00e9quence acceptent plein de demandes qu&rsquo;on leur fait, mais sans les vouloir vraiment. Elles vont alors s&rsquo;\u00e9puiser, quelquefois s&rsquo;aigrir et se plaindre qu&rsquo;on leur en demande trop, mais en fait c&rsquo;est qu&rsquo;elles n&rsquo;ont pas vraiment choisi.<\/p>\n<p class=\"Standard\" style=\"text-align: justify;\">Quand je regarde les choses avec r\u00e9alisme, <b>conscient de mes capacit\u00e9s et de mes limites<\/b>, je vais examiner ma mani\u00e8re de faire et me r\u00e9orienter si je m&rsquo;aper\u00e7ois que je ne peux pas. Je vais revoir le choix initial que j&rsquo;avais fait et y chercher ce qui me motivait vraiment. Je peux m&rsquo;apercevoir qu&rsquo;au-del\u00e0 de mon choix initial, j&rsquo;ai rajout\u00e9 des choses qui m&rsquo;alourdissent ou me d\u00e9passent.<\/p>\n<p class=\"Standard\" style=\"text-align: justify;\"><img loading=\"lazy\" decoding=\"async\" class=\" wp-image-1958 aligncenter\" src=\"http:\/\/moniales-ermites.org\/wp-content\/uploads\/2021\/12\/randonneur-150x150.jpg\" alt=\"\" width=\"233\" height=\"233\" srcset=\"https:\/\/moniales-ermites.org\/wp-content\/uploads\/2021\/12\/randonneur-150x150.jpg 150w, https:\/\/moniales-ermites.org\/wp-content\/uploads\/2021\/12\/randonneur-300x300.jpg 300w, https:\/\/moniales-ermites.org\/wp-content\/uploads\/2021\/12\/randonneur-100x100.jpg 100w, https:\/\/moniales-ermites.org\/wp-content\/uploads\/2021\/12\/randonneur-600x600.jpg 600w\" sizes=\"auto, (max-width: 233px) 100vw, 233px\" \/><\/p>\n<p class=\"Standard\" style=\"text-align: justify;\">C&rsquo;est l&rsquo;exemple donn\u00e9 dans la rubrique sur les choix, des parents surmen\u00e9s qui ne parviennent plus \u00e0 tout g\u00e9rer. Par exemple si j&rsquo;ai choisi d&rsquo;avoir des enfants, ce n&rsquo;est pas d&rsquo;abord pour qu&rsquo;ils aient une belle maison, une belle voiture, ou des vacances au ski chaque hiver, mais d&rsquo;abord pour les faire grandir et les aimer. Je vais donc pouvoir <b>revenir \u00e0 l&rsquo;essentiel et me simplifier.<\/b><\/p>\n<p class=\"Standard\" style=\"text-align: justify;\"><b>\u00a0<\/b>Dans le cas des \u00e9tudes de m\u00e9decine o\u00f9 je me rends compte que je n&rsquo;ai pas les capacit\u00e9s intellectuelles ou psychologiques n\u00e9cessaires, en revenant \u00e0 mon choix de d\u00e9part, je peux comprendre que ce qui me motive c&rsquo;est de soigner, et m&rsquo;orienter alors vers des \u00e9tudes d&rsquo;infirmier ou d&rsquo;autres m\u00e9tiers dans le soin. Mon d\u00e9sir premier sera respect\u00e9 ainsi que mes limites, et il est fort probable que je m&rsquo;\u00e9panouirai davantage que si j&rsquo;\u00e9tais en permanence sous tension. Et j&rsquo;aurai ainsi <b>approfondi ma motivation, et appris \u00e0 me conna\u00eetre et me respecter ainsi que les autres.<\/b><\/p>\n<p class=\"Standard\" style=\"text-align: justify;\"><b>\u00a0<\/b><\/p>\n<p class=\"Standard\" style=\"text-align: justify;\"><b>\u00a0<\/b>Il ne s&rsquo;agit pas non plus d&rsquo;\u00eatre frileux et trop centr\u00e9 sur soi, en ayant peur de tout, au contraire de Guillaumet cit\u00e9 dans l\u2019article pr\u00e9c\u00e9dent. Il s&rsquo;agit d&rsquo;<b>assumer ses choix et de les vivre jusqu&rsquo;au bout<\/b>, dans le respect de soi-m\u00eame et des autres, avec humilit\u00e9. Il s&rsquo;agit finalement de<b> trouver sa place<\/b>.<\/p>\n<p class=\"Standard\" style=\"text-align: justify;\">Je pr\u00e9cise que cette question des limites et du possible, est tr\u00e8s personnelle\u00a0: ce qui est limite pour certains ne le sera pas pour d&rsquo;autres, puisque, encore une fois, nous touchons \u00e0 l&rsquo;\u00e9nergie propre de chacun.<\/p>\n<p class=\"Standard\" style=\"text-align: justify;\">Cela se mesure aussi dans l&rsquo;instant pr\u00e9sent, car il arrive que quelque chose qui nous paraissait impossible, inatteignable, se r\u00e9alise en avan\u00e7ant un pas apr\u00e8s l&rsquo;autre, un jour apr\u00e8s l&rsquo;autre, sans peur, comme on gravit une montagne.<\/p>\n","protected":false},"excerpt":{"rendered":"<p>Apr\u00e8s avoir bien clarifi\u00e9 ce que je me propose de faire, je vais devoir \u00eatre r\u00e9aliste\u00a0: est-ce que je peux le faire\u00a0? \u00a0Exemple\u00a0: un coll\u00e8gue m&rsquo;a demand\u00e9 un service, j&rsquo;ai bien compris de quoi il s&rsquo;agit et cette t\u00e2che va me prendre 2 h. Si je suis d\u00e9j\u00e0 en retard dans mon propre travail, je [&hellip;]<\/p>\n","protected":false},"author":2,"featured_media":0,"comment_status":"closed","ping_status":"closed","sticky":false,"template":"","format":"standard","meta":{"footnotes":""},"categories":[1],"tags":[],"class_list":["post-1957","post","type-post","status-publish","format-standard","hentry","category-non-classe"],"_links":{"self":[{"href":"https:\/\/moniales-ermites.org\/index.php\/wp-json\/wp\/v2\/posts\/1957","targetHints":{"allow":["GET"]}}],"collection":[{"href":"https:\/\/moniales-ermites.org\/index.php\/wp-json\/wp\/v2\/posts"}],"about":[{"href":"https:\/\/moniales-ermites.org\/index.php\/wp-json\/wp\/v2\/types\/post"}],"author":[{"embeddable":true,"href":"https:\/\/moniales-ermites.org\/index.php\/wp-json\/wp\/v2\/users\/2"}],"replies":[{"embeddable":true,"href":"https:\/\/moniales-ermites.org\/index.php\/wp-json\/wp\/v2\/comments?post=1957"}],"version-history":[{"count":1,"href":"https:\/\/moniales-ermites.org\/index.php\/wp-json\/wp\/v2\/posts\/1957\/revisions"}],"predecessor-version":[{"id":1959,"href":"https:\/\/moniales-ermites.org\/index.php\/wp-json\/wp\/v2\/posts\/1957\/revisions\/1959"}],"wp:attachment":[{"href":"https:\/\/moniales-ermites.org\/index.php\/wp-json\/wp\/v2\/media?parent=1957"}],"wp:term":[{"taxonomy":"category","embeddable":true,"href":"https:\/\/moniales-ermites.org\/index.php\/wp-json\/wp\/v2\/categories?post=1957"},{"taxonomy":"post_tag","embeddable":true,"href":"https:\/\/moniales-ermites.org\/index.php\/wp-json\/wp\/v2\/tags?post=1957"}],"curies":[{"name":"wp","href":"https:\/\/api.w.org\/{rel}","templated":true}]}}