{"id":1898,"date":"2021-10-06T14:44:02","date_gmt":"2021-10-06T12:44:02","guid":{"rendered":"http:\/\/moniales-ermites.org\/?p=1898"},"modified":"2021-09-06T14:44:38","modified_gmt":"2021-09-06T12:44:38","slug":"le-choix-2","status":"publish","type":"post","link":"https:\/\/moniales-ermites.org\/index.php\/2021\/10\/06\/le-choix-2\/","title":{"rendered":"Le choix (2)"},"content":{"rendered":"<div class=\"wpb-content-wrapper\"><p>[vc_row][vc_column][vc_column_text]<\/p>\n<p style=\"text-align: justify;\"><strong>\u00ab\u00a0Je n&rsquo;ai pas le choix\u00a0!\u00a0\u00bb<\/strong><\/p>\n<p style=\"text-align: justify;\">Comme on entend souvent cette phrase\u00a0! Elle est parfois teint\u00e9e d&rsquo;amertume, laissant entendre que la personne n&rsquo;est pas vraiment satisfaite de ce qu&rsquo;elle fait, mais se sent oblig\u00e9e de le faire. Cette phrase t\u00e9moigne d&rsquo;une division int\u00e9rieure et en fait r\u00e9v\u00e8le des choix mal faits et en cons\u00e9quence une <strong>attitude passive<\/strong>, qui subit les \u00e9v\u00e9nements.<\/p>\n<p style=\"text-align: justify;\">Pourquoi\u00a0? Pourquoi nous sentons nous contraints d&rsquo;accepter quelque chose que nous n&rsquo;aimons pas\u00a0? Essayons alors de <strong>voir clairement les termes du choix, et les cons\u00e9quences de chaque terme.<\/strong><\/p>\n<p style=\"text-align: justify;\">Un exemple\u00a0: cette jeune femme est stress\u00e9e, \u00e9puis\u00e9e, parce qu&rsquo;elle court tout le temps, apr\u00e8s son travail elle doit aller chercher les enfants \u00e0 l&rsquo;\u00e9cole, les courses qu&rsquo;elle a command\u00e9es, puis donner les bains, faire le repas etc&#8230; Elle a choisi son travail. Elle a choisi ses enfants. Alors pourquoi est-elle mal\u00a0? Elle n&rsquo;a pas bien envisag\u00e9 avec son mari les cons\u00e9quences des 2 actions. Oui un travail, \u00e7a fatigue,\u00a0 \u00e7a \u00ab\u00a0prend la t\u00eate\u00a0\u00bb, en sortant on aimerait pouvoir se poser et se d\u00e9tendre. Oui des enfants \u00e7a demande du temps, de la patience\u00a0, de la disponibilit\u00e9, des soins, surtout apr\u00e8s leur journ\u00e9e d&rsquo;\u00e9cole, eux aussi ont besoin de repos.<\/p>\n<p style=\"text-align: justify;\"><img loading=\"lazy\" decoding=\"async\" class=\" wp-image-1899 aligncenter\" src=\"http:\/\/moniales-ermites.org\/wp-content\/uploads\/2021\/09\/choix-chemin-150x150.jpg\" alt=\"\" width=\"249\" height=\"249\" srcset=\"https:\/\/moniales-ermites.org\/wp-content\/uploads\/2021\/09\/choix-chemin-150x150.jpg 150w, https:\/\/moniales-ermites.org\/wp-content\/uploads\/2021\/09\/choix-chemin-300x300.jpg 300w, https:\/\/moniales-ermites.org\/wp-content\/uploads\/2021\/09\/choix-chemin-100x100.jpg 100w\" sizes=\"auto, (max-width: 249px) 100vw, 249px\" \/><\/p>\n<p style=\"text-align: justify;\">Alors quoi\u00a0?<strong> Choisir c&rsquo;est renoncer.<\/strong><\/p>\n<p style=\"text-align: justify;\">Si cette famille choisit de r\u00e9organiser sa vie professionnelle, que les parents d\u00e9cident de travailler moins pour rester disponibles \u00e0 leurs enfants, les revenus vont baisser, il faudra revoir le budget voiture, maison, vacances. Mais l&rsquo;ambiance sera peut-\u00eatre plus agr\u00e9able \u00e0 la maison, et chacun plus \u00e9panoui. S&rsquo;il y a obligation pour les 2 parents de garder leurs emplois, alors c&rsquo;est du c\u00f4t\u00e9 de l&rsquo;organisation de la vie de famille qu&rsquo;il faudra chercher des solutions\u00a0: se simplifier les t\u00e2ches mat\u00e9rielles, trouver des solutions de garde des enfants etc&#8230; et renoncer \u00e0 certaines sorties, certaines activit\u00e9s non essentielles pour garder du temps avec eux par exemple.<\/p>\n<p style=\"text-align: justify;\">Allons plus loin. Pensons \u00e0 ces hommes qui conduisaient les trains bond\u00e9s de prisonniers vers les camps de concentration nazis. Eux aussi disaient\u00a0: \u00ab\u00a0Je n&rsquo;ai pas le choix, il faut que je fasse vivre ma famille\u00a0!\u00a0\u00bb <strong>En r\u00e9alit\u00e9, ils ont choisi<\/strong>, le confort, la facilit\u00e9, en n&rsquo;\u00e9coutant pas leur conscience qui leur faisait sentir que ces trains n&rsquo;\u00e9taient pas normaux, mais <strong>ce choix n&rsquo;\u00e9tait pas vraiment conscient et libre<\/strong>. Les r\u00e9sistants de la premi\u00e8re heure, Edmond Michelet, De Gaulle, eux ont librement et consciemment choisi, sachant ce que \u00e7a pouvait leur co\u00fbter pour eux-m\u00eames et leurs familles. Et nous les reconnaissons pour de grands hommes parce que nous admirons cette unit\u00e9 int\u00e9rieure qui leur a permis ce choix. Ils \u00e9taient vraiment libres. <strong>Ils ne subissaient pas.<\/strong><\/p>\n<p style=\"text-align: justify;\">Nous nous trouvons tous un jour ou\u00a0 l&rsquo;autre devant une situation difficile et douloureuse que nous pr\u00e9f\u00e9rerions \u00e9viter\u00a0: vieillissement d&rsquo;un parent, handicap d&rsquo;un enfant, ch\u00f4mage&#8230; Discernons alors <strong>quelle est la part de choix qui nous reste <\/strong>dans ces contraintes impos\u00e9es, et <strong>ne subissons pas la situation<\/strong>. Mais <strong>instant apr\u00e8s instant<\/strong> reposons le choix qui nous rend actif dans cette situation p\u00e9nible, et nous fait <strong>sortir de la plainte<\/strong>.<\/p>\n<p style=\"text-align: justify;\">Quand nous disons \u00ab\u00a0Je n&rsquo;ai pas le choix\u00a0\u00bb, nous laissons les autres, les \u00e9v\u00e9nements, choisir \u00e0 notre place, nous abdiquons notre libert\u00e9.<\/p>\n<p>[\/vc_column_text][\/vc_column][\/vc_row]<\/p>\n<\/div>","protected":false},"excerpt":{"rendered":"<p>[vc_row][vc_column][vc_column_text] \u00ab\u00a0Je n&rsquo;ai pas le choix\u00a0!\u00a0\u00bb Comme on entend souvent cette phrase\u00a0! Elle est parfois teint\u00e9e d&rsquo;amertume, laissant entendre que la personne n&rsquo;est pas vraiment satisfaite de ce qu&rsquo;elle fait, mais se sent oblig\u00e9e de le faire. Cette phrase t\u00e9moigne d&rsquo;une division int\u00e9rieure et en fait r\u00e9v\u00e8le des choix mal faits et en cons\u00e9quence une [&hellip;]<\/p>\n","protected":false},"author":2,"featured_media":0,"comment_status":"closed","ping_status":"closed","sticky":false,"template":"","format":"standard","meta":{"footnotes":""},"categories":[7],"tags":[],"class_list":["post-1898","post","type-post","status-publish","format-standard","hentry","category-reperes"],"_links":{"self":[{"href":"https:\/\/moniales-ermites.org\/index.php\/wp-json\/wp\/v2\/posts\/1898","targetHints":{"allow":["GET"]}}],"collection":[{"href":"https:\/\/moniales-ermites.org\/index.php\/wp-json\/wp\/v2\/posts"}],"about":[{"href":"https:\/\/moniales-ermites.org\/index.php\/wp-json\/wp\/v2\/types\/post"}],"author":[{"embeddable":true,"href":"https:\/\/moniales-ermites.org\/index.php\/wp-json\/wp\/v2\/users\/2"}],"replies":[{"embeddable":true,"href":"https:\/\/moniales-ermites.org\/index.php\/wp-json\/wp\/v2\/comments?post=1898"}],"version-history":[{"count":1,"href":"https:\/\/moniales-ermites.org\/index.php\/wp-json\/wp\/v2\/posts\/1898\/revisions"}],"predecessor-version":[{"id":1900,"href":"https:\/\/moniales-ermites.org\/index.php\/wp-json\/wp\/v2\/posts\/1898\/revisions\/1900"}],"wp:attachment":[{"href":"https:\/\/moniales-ermites.org\/index.php\/wp-json\/wp\/v2\/media?parent=1898"}],"wp:term":[{"taxonomy":"category","embeddable":true,"href":"https:\/\/moniales-ermites.org\/index.php\/wp-json\/wp\/v2\/categories?post=1898"},{"taxonomy":"post_tag","embeddable":true,"href":"https:\/\/moniales-ermites.org\/index.php\/wp-json\/wp\/v2\/tags?post=1898"}],"curies":[{"name":"wp","href":"https:\/\/api.w.org\/{rel}","templated":true}]}}