{"id":1827,"date":"2021-05-02T16:49:24","date_gmt":"2021-05-02T14:49:24","guid":{"rendered":"http:\/\/moniales-ermites.org\/?p=1827"},"modified":"2021-05-02T16:49:24","modified_gmt":"2021-05-02T14:49:24","slug":"mai-2021-un-mois-de-priere-pour-demander-la-fin-de-la-pandemie","status":"publish","type":"post","link":"https:\/\/moniales-ermites.org\/index.php\/2021\/05\/02\/mai-2021-un-mois-de-priere-pour-demander-la-fin-de-la-pandemie\/","title":{"rendered":"Mai 2021 : Un mois de pri\u00e8re pour demander la fin de la pand\u00e9mie."},"content":{"rendered":"<div class=\"wpb-content-wrapper\"><p>[vc_row][vc_column width=\u00a0\u00bb1\/3&Prime;][vc_column_text]<\/p>\n<p>&nbsp;<\/p>\n<p>&nbsp;<\/p>\n<p>&nbsp;<\/p>\n<p>&nbsp;<\/p>\n<p>&nbsp;<\/p>\n<p>[\/vc_column_text][vc_column_text]<\/p>\n<p>&nbsp;<\/p>\n<p>&nbsp;<\/p>\n<p>&nbsp;<\/p>\n<p>[\/vc_column_text][vc_single_image image=\u00a0\u00bb1830&Prime; img_size=\u00a0\u00bbfull\u00a0\u00bb][\/vc_column][vc_column width=\u00a0\u00bb1\/3&Prime;][vc_single_image image=\u00a0\u00bb1829&Prime; img_size=\u00a0\u00bbfull\u00a0\u00bb alignment=\u00a0\u00bbcenter\u00a0\u00bb][vc_column_text]\u00abSous ta protection nous nous r\u00e9fugions, Sainte M\u00e8re de Dieu.<\/p>\n<p>Dans la pr\u00e9sente situation dramatique, charg\u00e9e de souffrances et d\u2019angoisses qui frappent le monde entier, nous recourons \u00e0 Toi, M\u00e8re de Dieu et notre M\u00e8re, et nous cherchons refuge sous ta protection. \u00d4 Vierge Marie, tourne vers nous tes yeux[\/vc_column_text][vc_column_text]<\/p>\n<p>[\/vc_column_text][\/vc_column][vc_column width=\u00a0\u00bb1\/3&Prime;][vc_column_text]<\/p>\n<p>&nbsp;<\/p>\n<p>&nbsp;<\/p>\n<p>&nbsp;<\/p>\n<p>&nbsp;<\/p>\n<p>&nbsp;<\/p>\n<p>[\/vc_column_text][vc_single_image image=\u00a0\u00bb1828&Prime; img_size=\u00a0\u00bbfull\u00a0\u00bb alignment=\u00a0\u00bbright\u00a0\u00bb][\/vc_column][\/vc_row][vc_row][vc_column][vc_column_text]mis\u00e9ricordieux dans cette pand\u00e9mie du coronavirus, et r\u00e9conforte ceux qui sont perdus et qui pleurent leurs proches qui sont morts, enterr\u00e9s parfois d\u2019une mani\u00e8re qui blesse l\u2019\u00e2me. Soutiens ceux qui sont angoiss\u00e9s pour les personnes malades aupr\u00e8s desquelles, pour emp\u00eacher la contagion, ils ne peuvent \u00eatre proches. Suscite la confiance en celui qui est inquiet pour l\u2019avenir incertain et pour les cons\u00e9quences sur l\u2019\u00e9conomie et sur le travail. M\u00e8re de Dieu et notre M\u00e8re, implore pour nous de Dieu, P\u00e8re de mis\u00e9ricorde, que cette dure \u00e9preuve finisse et que revienne un horizon d\u2019esp\u00e9rance et de paix. Comme \u00e0 Cana, interviens aupr\u00e8s de ton Divin Fils, en lui demandant de r\u00e9conforter les familles des malades et des victimes, et d\u2019ouvrir leur c\u0153ur \u00e0 la confiance. (\u2026)\u00a0\u00bb<\/p>\n<p>Pape Fran\u00e7ois, 1<sup>er<\/sup> mai 2021.<\/p>\n<p><sup><span style=\"font-size: 16px;\">Premier jour du marathon de pri\u00e8re pour demander la fin de la pand\u00e9mie. <\/span>\u00a0\u00a0<\/sup>[\/vc_column_text][\/vc_column][\/vc_row]<\/p>\n<\/div>","protected":false},"excerpt":{"rendered":"<p>[vc_row][vc_column width=\u00a0\u00bb1\/3&Prime;][vc_column_text] &nbsp; &nbsp; &nbsp; &nbsp; &nbsp; [\/vc_column_text][vc_column_text] &nbsp; &nbsp; &nbsp; [\/vc_column_text][vc_single_image image=\u00a0\u00bb1830&Prime; img_size=\u00a0\u00bbfull\u00a0\u00bb][\/vc_column][vc_column width=\u00a0\u00bb1\/3&Prime;][vc_single_image image=\u00a0\u00bb1829&Prime; img_size=\u00a0\u00bbfull\u00a0\u00bb alignment=\u00a0\u00bbcenter\u00a0\u00bb][vc_column_text]\u00abSous ta protection nous nous r\u00e9fugions, Sainte M\u00e8re de Dieu. Dans la pr\u00e9sente situation dramatique, charg\u00e9e de souffrances et d\u2019angoisses qui frappent le monde entier, nous recourons \u00e0 Toi, M\u00e8re de Dieu et notre M\u00e8re, et nous cherchons [&hellip;]<\/p>\n","protected":false},"author":2,"featured_media":0,"comment_status":"closed","ping_status":"closed","sticky":false,"template":"","format":"standard","meta":{"footnotes":""},"categories":[4],"tags":[],"class_list":["post-1827","post","type-post","status-publish","format-standard","hentry","category-pensee"],"_links":{"self":[{"href":"https:\/\/moniales-ermites.org\/index.php\/wp-json\/wp\/v2\/posts\/1827","targetHints":{"allow":["GET"]}}],"collection":[{"href":"https:\/\/moniales-ermites.org\/index.php\/wp-json\/wp\/v2\/posts"}],"about":[{"href":"https:\/\/moniales-ermites.org\/index.php\/wp-json\/wp\/v2\/types\/post"}],"author":[{"embeddable":true,"href":"https:\/\/moniales-ermites.org\/index.php\/wp-json\/wp\/v2\/users\/2"}],"replies":[{"embeddable":true,"href":"https:\/\/moniales-ermites.org\/index.php\/wp-json\/wp\/v2\/comments?post=1827"}],"version-history":[{"count":8,"href":"https:\/\/moniales-ermites.org\/index.php\/wp-json\/wp\/v2\/posts\/1827\/revisions"}],"predecessor-version":[{"id":1838,"href":"https:\/\/moniales-ermites.org\/index.php\/wp-json\/wp\/v2\/posts\/1827\/revisions\/1838"}],"wp:attachment":[{"href":"https:\/\/moniales-ermites.org\/index.php\/wp-json\/wp\/v2\/media?parent=1827"}],"wp:term":[{"taxonomy":"category","embeddable":true,"href":"https:\/\/moniales-ermites.org\/index.php\/wp-json\/wp\/v2\/categories?post=1827"},{"taxonomy":"post_tag","embeddable":true,"href":"https:\/\/moniales-ermites.org\/index.php\/wp-json\/wp\/v2\/tags?post=1827"}],"curies":[{"name":"wp","href":"https:\/\/api.w.org\/{rel}","templated":true}]}}