{"id":1688,"date":"2020-12-01T12:08:42","date_gmt":"2020-12-01T11:08:42","guid":{"rendered":"http:\/\/moniales-ermites.org\/?p=1688"},"modified":"2020-12-01T12:10:05","modified_gmt":"2020-12-01T11:10:05","slug":"decembre-2020-lavent-le-temps-de-lattente","status":"publish","type":"post","link":"https:\/\/moniales-ermites.org\/index.php\/2020\/12\/01\/decembre-2020-lavent-le-temps-de-lattente\/","title":{"rendered":"D\u00e9cembre 2020 &#8211; L&rsquo;Avent, le temps de l&rsquo;attente"},"content":{"rendered":"<div class=\"wpb-content-wrapper\"><p>[vc_row][vc_column width=\u00a0\u00bb1\/2&Prime;][vc_column_text][\/vc_column_text][vc_column_text]L\u2019Avent est le temps de la pr\u00e9sence et de l\u2019attente de l\u2019\u00e9ternit\u00e9. Pr\u00e9cis\u00e9ment pour cette raison, c\u2019est, de mani\u00e8re particuli\u00e8re, le temps de la joie, d\u2019une joie int\u00e9rioris\u00e9e, qu\u2019aucune souffrance ne peut effacer. La joie du fait que Dieu s\u2019est fait enfant. Cette joie, pr\u00e9sente en nous de mani\u00e8re invisible, nous encourage \u00e0 aller de l\u2019avant avec confiance. La Vierge Marie, par qui nous a \u00e9t\u00e9 donn\u00e9 l\u2019Enfant J\u00e9sus, est le mod\u00e8le et le soutien de cette joie profonde. Puisse-t-elle nous obtenir, fid\u00e8le disciple de son Fils, la gr\u00e2ce de vivre ce temps liturgique vigilants et actifs dans l\u2019attente. Amen !<\/p>\n<p>Pape Beno\u00eet XVI, 28 novembre 2009[\/vc_column_text][\/vc_column][vc_column width=\u00a0\u00bb1\/2&Prime;][vc_column_text][\/vc_column_text][vc_single_image image=\u00a0\u00bb1689&Prime; img_size=\u00a0\u00bbfull\u00a0\u00bb][\/vc_column][\/vc_row]<\/p>\n<\/div>","protected":false},"excerpt":{"rendered":"<p>[vc_row][vc_column width=\u00a0\u00bb1\/2&Prime;][vc_column_text][\/vc_column_text][vc_column_text]L\u2019Avent est le temps de la pr\u00e9sence et de l\u2019attente de l\u2019\u00e9ternit\u00e9. Pr\u00e9cis\u00e9ment pour cette raison, c\u2019est, de mani\u00e8re particuli\u00e8re, le temps de la joie, d\u2019une joie int\u00e9rioris\u00e9e, qu\u2019aucune souffrance ne peut effacer. La joie du fait que Dieu s\u2019est fait enfant. Cette joie, pr\u00e9sente en nous de mani\u00e8re invisible, nous encourage \u00e0 aller [&hellip;]<\/p>\n","protected":false},"author":2,"featured_media":0,"comment_status":"closed","ping_status":"closed","sticky":false,"template":"","format":"standard","meta":{"footnotes":""},"categories":[4],"tags":[],"class_list":["post-1688","post","type-post","status-publish","format-standard","hentry","category-pensee"],"_links":{"self":[{"href":"https:\/\/moniales-ermites.org\/index.php\/wp-json\/wp\/v2\/posts\/1688","targetHints":{"allow":["GET"]}}],"collection":[{"href":"https:\/\/moniales-ermites.org\/index.php\/wp-json\/wp\/v2\/posts"}],"about":[{"href":"https:\/\/moniales-ermites.org\/index.php\/wp-json\/wp\/v2\/types\/post"}],"author":[{"embeddable":true,"href":"https:\/\/moniales-ermites.org\/index.php\/wp-json\/wp\/v2\/users\/2"}],"replies":[{"embeddable":true,"href":"https:\/\/moniales-ermites.org\/index.php\/wp-json\/wp\/v2\/comments?post=1688"}],"version-history":[{"count":2,"href":"https:\/\/moniales-ermites.org\/index.php\/wp-json\/wp\/v2\/posts\/1688\/revisions"}],"predecessor-version":[{"id":1691,"href":"https:\/\/moniales-ermites.org\/index.php\/wp-json\/wp\/v2\/posts\/1688\/revisions\/1691"}],"wp:attachment":[{"href":"https:\/\/moniales-ermites.org\/index.php\/wp-json\/wp\/v2\/media?parent=1688"}],"wp:term":[{"taxonomy":"category","embeddable":true,"href":"https:\/\/moniales-ermites.org\/index.php\/wp-json\/wp\/v2\/categories?post=1688"},{"taxonomy":"post_tag","embeddable":true,"href":"https:\/\/moniales-ermites.org\/index.php\/wp-json\/wp\/v2\/tags?post=1688"}],"curies":[{"name":"wp","href":"https:\/\/api.w.org\/{rel}","templated":true}]}}