{"id":1118,"date":"2019-07-01T00:01:22","date_gmt":"2019-06-30T22:01:22","guid":{"rendered":"http:\/\/moniales-ermites.org\/?p=1118"},"modified":"2019-06-28T10:37:26","modified_gmt":"2019-06-28T08:37:26","slug":"la-priere-familiale-a-lecole-de-saint-jean-paul-ii","status":"publish","type":"post","link":"https:\/\/moniales-ermites.org\/index.php\/2019\/07\/01\/la-priere-familiale-a-lecole-de-saint-jean-paul-ii\/","title":{"rendered":"Juillet 2019 &#8211; La pri\u00e8re familiale \u00e0 l&rsquo;\u00e9cole de saint Jean Paul II"},"content":{"rendered":"<div class=\"wpb-content-wrapper\"><p>[vc_row][vc_column width=\u00a0\u00bb2\/3&Prime;][vc_column_text css_animation=\u00a0\u00bbfadeIn\u00a0\u00bb]<i>La pri\u00e8re familiale\u2026 \u00e0 l\u2019\u00e9cole de saint Jean-Paul II<\/i><\/p>\n<p>&nbsp;<\/p>\n<p>Sur la base de leur dignit\u00e9 et de leur mission, les parents chr\u00e9tiens ont le devoir sp\u00e9cifique<\/p>\n<p>d&rsquo;\u00e9duquer leurs enfants \u00e0 la pri\u00e8re, de les introduire \u00e0 la d\u00e9couverte progressive<\/p>\n<p>du myst\u00e8re de Dieu et \u00e0 l&rsquo;entretien personnel avec lui.<\/p>\n<p>L&rsquo;exemple concret, autrement dit le t\u00e9moignage vivant des parents, est un \u00e9l\u00e9ment<\/p>\n<p>fondamental et irrempla\u00e7able de l&rsquo;\u00e9ducation \u00e0 la pri\u00e8re :<\/p>\n<p>c&rsquo;est seulement en priant avec leurs enfants que le p\u00e8re et la m\u00e8re,<\/p>\n<p>tandis qu&rsquo;ils accomplissent leur sacerdoce royal, p\u00e9n\u00e8trent profond\u00e9ment le c\u0153ur<\/p>\n<p>de leurs enfants, en y laissant des traces que les \u00e9v\u00e9nements de la vie ne r\u00e9ussiront pas \u00e0 effacer.<\/p>\n<p>Familiaris Consortio, n\u00b0 60<\/p>\n<p>De sa saintet\u00e9 le Pape Jean-Paul II[\/vc_column_text][\/vc_column][vc_column width=\u00a0\u00bb1\/3&Prime;][vc_empty_space height=\u00a0\u00bb88px\u00a0\u00bb][vc_single_image image=\u00a0\u00bb1229&Prime; img_size=\u00a0\u00bbfull\u00a0\u00bb alignment=\u00a0\u00bbright\u00a0\u00bb][\/vc_column][\/vc_row]<\/p>\n<\/div>","protected":false},"excerpt":{"rendered":"<p>[vc_row][vc_column width=\u00a0\u00bb2\/3&Prime;][vc_column_text css_animation=\u00a0\u00bbfadeIn\u00a0\u00bb]La pri\u00e8re familiale\u2026 \u00e0 l\u2019\u00e9cole de saint Jean-Paul II &nbsp; Sur la base de leur dignit\u00e9 et de leur mission, les parents chr\u00e9tiens ont le devoir sp\u00e9cifique d&rsquo;\u00e9duquer leurs enfants \u00e0 la pri\u00e8re, de les introduire \u00e0 la d\u00e9couverte progressive du myst\u00e8re de Dieu et \u00e0 l&rsquo;entretien personnel avec lui. L&rsquo;exemple concret, autrement [&hellip;]<\/p>\n","protected":false},"author":2,"featured_media":0,"comment_status":"closed","ping_status":"closed","sticky":false,"template":"","format":"standard","meta":{"footnotes":""},"categories":[4],"tags":[],"class_list":["post-1118","post","type-post","status-publish","format-standard","hentry","category-pensee"],"_links":{"self":[{"href":"https:\/\/moniales-ermites.org\/index.php\/wp-json\/wp\/v2\/posts\/1118","targetHints":{"allow":["GET"]}}],"collection":[{"href":"https:\/\/moniales-ermites.org\/index.php\/wp-json\/wp\/v2\/posts"}],"about":[{"href":"https:\/\/moniales-ermites.org\/index.php\/wp-json\/wp\/v2\/types\/post"}],"author":[{"embeddable":true,"href":"https:\/\/moniales-ermites.org\/index.php\/wp-json\/wp\/v2\/users\/2"}],"replies":[{"embeddable":true,"href":"https:\/\/moniales-ermites.org\/index.php\/wp-json\/wp\/v2\/comments?post=1118"}],"version-history":[{"count":7,"href":"https:\/\/moniales-ermites.org\/index.php\/wp-json\/wp\/v2\/posts\/1118\/revisions"}],"predecessor-version":[{"id":1236,"href":"https:\/\/moniales-ermites.org\/index.php\/wp-json\/wp\/v2\/posts\/1118\/revisions\/1236"}],"wp:attachment":[{"href":"https:\/\/moniales-ermites.org\/index.php\/wp-json\/wp\/v2\/media?parent=1118"}],"wp:term":[{"taxonomy":"category","embeddable":true,"href":"https:\/\/moniales-ermites.org\/index.php\/wp-json\/wp\/v2\/categories?post=1118"},{"taxonomy":"post_tag","embeddable":true,"href":"https:\/\/moniales-ermites.org\/index.php\/wp-json\/wp\/v2\/tags?post=1118"}],"curies":[{"name":"wp","href":"https:\/\/api.w.org\/{rel}","templated":true}]}}